{"id":477,"date":"2024-03-28T08:45:07","date_gmt":"2024-03-28T07:45:07","guid":{"rendered":"https:\/\/www.retra.pl\/?p=477"},"modified":"2024-03-28T08:45:07","modified_gmt":"2024-03-28T07:45:07","slug":"zyczymy-wesolych-swiat","status":"publish","type":"post","link":"https:\/\/www.retra.pl\/?p=477","title":{"rendered":"\u017byczymy Weso\u0142ych \u015awi\u0105t !"},"content":{"rendered":"\n<p>Szanowni Pa\u0144stwo !<\/p>\n\n\n\n<p>Z okazji zbli\u017caj\u0105cych si\u0119 \u015awi\u0105t Wielkanocnych, <\/p>\n\n\n\n<p>\u017cyczymy<\/p>\n\n\n\n<p>Obfitych, spokojnych, pe\u0142nych rado\u015bci i zrozumienia \u015bwi\u0105t.<\/p>\n\n\n\n<p>Pozdrawiamy,<\/p>\n\n\n\n<p>Zesp\u00f3\u0142 Retra Sp. z o.o.<\/p>\n","protected":false},"excerpt":{"rendered":"<p>Szanowni Pa\u0144stwo ! Z okazji zbli\u017caj\u0105cych si\u0119 \u015awi\u0105t Wielkanocnych, \u017cyczymy Obfitych, spokojnych, pe\u0142nych rado\u015bci i zrozumienia \u015bwi\u0105t. Pozdrawiamy, Zesp\u00f3\u0142 Retra Sp. z o.o.<\/p>\n","protected":false},"author":4,"featured_media":0,"comment_status":"open","ping_status":"open","sticky":false,"template":"","format":"standard","meta":{"footnotes":""},"categories":[5],"tags":[],"class_list":["post-477","post","type-post","status-publish","format-standard","hentry","category-informacje"],"_links":{"self":[{"href":"https:\/\/www.retra.pl\/index.php?rest_route=\/wp\/v2\/posts\/477","targetHints":{"allow":["GET"]}}],"collection":[{"href":"https:\/\/www.retra.pl\/index.php?rest_route=\/wp\/v2\/posts"}],"about":[{"href":"https:\/\/www.retra.pl\/index.php?rest_route=\/wp\/v2\/types\/post"}],"author":[{"embeddable":true,"href":"https:\/\/www.retra.pl\/index.php?rest_route=\/wp\/v2\/users\/4"}],"replies":[{"embeddable":true,"href":"https:\/\/www.retra.pl\/index.php?rest_route=%2Fwp%2Fv2%2Fcomments&post=477"}],"version-history":[{"count":1,"href":"https:\/\/www.retra.pl\/index.php?rest_route=\/wp\/v2\/posts\/477\/revisions"}],"predecessor-version":[{"id":478,"href":"https:\/\/www.retra.pl\/index.php?rest_route=\/wp\/v2\/posts\/477\/revisions\/478"}],"wp:attachment":[{"href":"https:\/\/www.retra.pl\/index.php?rest_route=%2Fwp%2Fv2%2Fmedia&parent=477"}],"wp:term":[{"taxonomy":"category","embeddable":true,"href":"https:\/\/www.retra.pl\/index.php?rest_route=%2Fwp%2Fv2%2Fcategories&post=477"},{"taxonomy":"post_tag","embeddable":true,"href":"https:\/\/www.retra.pl\/index.php?rest_route=%2Fwp%2Fv2%2Ftags&post=477"}],"curies":[{"name":"wp","href":"https:\/\/api.w.org\/{rel}","templated":true}]}}