{"id":461,"date":"2023-12-13T13:47:30","date_gmt":"2023-12-13T12:47:30","guid":{"rendered":"https:\/\/www.retra.pl\/?p=461"},"modified":"2023-12-13T13:47:30","modified_gmt":"2023-12-13T12:47:30","slug":"w-dniach-15-12-2023-oraz-22-12-2023-biuro-czynne-krocej","status":"publish","type":"post","link":"https:\/\/www.retra.pl\/?p=461","title":{"rendered":"W dniach 15.12.2023 oraz 22.12.2023 biuro czynne kr\u00f3cej&#8230;"},"content":{"rendered":"\n<p>Szanowni Pa\u0144stwo,<\/p>\n\n\n\n<p>Informujemy, i\u017c w dniach 15.12.2023(pi\u0105tek) oraz 22.12.2023(pi\u0105tek) biuro jest czynne do godziny 12:00. Dzi\u0119kujemy za wyrozumia\u0142o\u015b\u0107.<\/p>\n\n\n\n<p>Pozdrawiamy serdecznie,<\/p>\n\n\n\n<p>Zesp\u00f3\u0142 Retra sp. z o.o.<\/p>\n","protected":false},"excerpt":{"rendered":"<p>Szanowni Pa\u0144stwo, Informujemy, i\u017c w dniach 15.12.2023(pi\u0105tek) oraz 22.12.2023(pi\u0105tek) biuro jest czynne do godziny 12:00. Dzi\u0119kujemy za wyrozumia\u0142o\u015b\u0107. Pozdrawiamy serdecznie, Zesp\u00f3\u0142 Retra sp. z o.o.<\/p>\n","protected":false},"author":4,"featured_media":0,"comment_status":"open","ping_status":"open","sticky":false,"template":"","format":"standard","meta":{"footnotes":""},"categories":[5],"tags":[],"class_list":["post-461","post","type-post","status-publish","format-standard","hentry","category-informacje"],"_links":{"self":[{"href":"https:\/\/www.retra.pl\/index.php?rest_route=\/wp\/v2\/posts\/461","targetHints":{"allow":["GET"]}}],"collection":[{"href":"https:\/\/www.retra.pl\/index.php?rest_route=\/wp\/v2\/posts"}],"about":[{"href":"https:\/\/www.retra.pl\/index.php?rest_route=\/wp\/v2\/types\/post"}],"author":[{"embeddable":true,"href":"https:\/\/www.retra.pl\/index.php?rest_route=\/wp\/v2\/users\/4"}],"replies":[{"embeddable":true,"href":"https:\/\/www.retra.pl\/index.php?rest_route=%2Fwp%2Fv2%2Fcomments&post=461"}],"version-history":[{"count":1,"href":"https:\/\/www.retra.pl\/index.php?rest_route=\/wp\/v2\/posts\/461\/revisions"}],"predecessor-version":[{"id":462,"href":"https:\/\/www.retra.pl\/index.php?rest_route=\/wp\/v2\/posts\/461\/revisions\/462"}],"wp:attachment":[{"href":"https:\/\/www.retra.pl\/index.php?rest_route=%2Fwp%2Fv2%2Fmedia&parent=461"}],"wp:term":[{"taxonomy":"category","embeddable":true,"href":"https:\/\/www.retra.pl\/index.php?rest_route=%2Fwp%2Fv2%2Fcategories&post=461"},{"taxonomy":"post_tag","embeddable":true,"href":"https:\/\/www.retra.pl\/index.php?rest_route=%2Fwp%2Fv2%2Ftags&post=461"}],"curies":[{"name":"wp","href":"https:\/\/api.w.org\/{rel}","templated":true}]}}