{"id":408,"date":"2023-04-06T17:03:51","date_gmt":"2023-04-06T15:03:51","guid":{"rendered":"https:\/\/www.retra.pl\/?p=408"},"modified":"2023-04-06T17:03:51","modified_gmt":"2023-04-06T15:03:51","slug":"w-piatek-07-04-2023-roku-pracujemy-krocej","status":"publish","type":"post","link":"https:\/\/www.retra.pl\/?p=408","title":{"rendered":"W pi\u0105tek 07.04.2023 roku pracujemy kr\u00f3cej."},"content":{"rendered":"\n<p>Szanowni Pa\u0144stwo,<\/p>\n\n\n\n<p>Uprzejmie informujemy, \u017ce w pi\u0105tek 07.04.2023 roku, pracujemy tylko do godziny 13:00<\/p>\n\n\n\n<p>Prosimy o wyrozumia\u0142o\u015b\u0107:)<\/p>\n\n\n\n<p>Pozdrawiamy,<\/p>\n\n\n\n<p>Zesp\u00f3\u0142 Retra sp. z o.o.<\/p>\n","protected":false},"excerpt":{"rendered":"<p>Szanowni Pa\u0144stwo, Uprzejmie informujemy, \u017ce w pi\u0105tek 07.04.2023 roku, pracujemy tylko do godziny 13:00 Prosimy o wyrozumia\u0142o\u015b\u0107:) Pozdrawiamy, Zesp\u00f3\u0142 Retra sp. z o.o.<\/p>\n","protected":false},"author":4,"featured_media":0,"comment_status":"open","ping_status":"open","sticky":false,"template":"","format":"standard","meta":{"footnotes":""},"categories":[5],"tags":[],"class_list":["post-408","post","type-post","status-publish","format-standard","hentry","category-informacje"],"_links":{"self":[{"href":"https:\/\/www.retra.pl\/index.php?rest_route=\/wp\/v2\/posts\/408","targetHints":{"allow":["GET"]}}],"collection":[{"href":"https:\/\/www.retra.pl\/index.php?rest_route=\/wp\/v2\/posts"}],"about":[{"href":"https:\/\/www.retra.pl\/index.php?rest_route=\/wp\/v2\/types\/post"}],"author":[{"embeddable":true,"href":"https:\/\/www.retra.pl\/index.php?rest_route=\/wp\/v2\/users\/4"}],"replies":[{"embeddable":true,"href":"https:\/\/www.retra.pl\/index.php?rest_route=%2Fwp%2Fv2%2Fcomments&post=408"}],"version-history":[{"count":2,"href":"https:\/\/www.retra.pl\/index.php?rest_route=\/wp\/v2\/posts\/408\/revisions"}],"predecessor-version":[{"id":410,"href":"https:\/\/www.retra.pl\/index.php?rest_route=\/wp\/v2\/posts\/408\/revisions\/410"}],"wp:attachment":[{"href":"https:\/\/www.retra.pl\/index.php?rest_route=%2Fwp%2Fv2%2Fmedia&parent=408"}],"wp:term":[{"taxonomy":"category","embeddable":true,"href":"https:\/\/www.retra.pl\/index.php?rest_route=%2Fwp%2Fv2%2Fcategories&post=408"},{"taxonomy":"post_tag","embeddable":true,"href":"https:\/\/www.retra.pl\/index.php?rest_route=%2Fwp%2Fv2%2Ftags&post=408"}],"curies":[{"name":"wp","href":"https:\/\/api.w.org\/{rel}","templated":true}]}}